{"id":1105,"date":"2019-11-26T19:58:41","date_gmt":"2019-11-26T22:58:41","guid":{"rendered":"https:\/\/ieslolamora-tuc.infd.edu.ar\/sitio\/?p=1105"},"modified":"2019-11-26T20:14:50","modified_gmt":"2019-11-26T23:14:50","slug":"charla-informativa","status":"publish","type":"post","link":"https:\/\/ieslolamora-tuc.infd.edu.ar\/sitio\/charla-informativa\/","title":{"rendered":"CAMPUS FRANCE CHARLA INFORMATIVA"},"content":{"rendered":"<p>El jueves 28 de Noviembre, en el marco del D\u00eda Internacional del Profesor de Franc\u00e9s, nos visitar\u00e1 el equipo de Campus France para presentar el Programa de Becas para estudiantes y docentes, voluntariados en Francia, entre otras acciones. Los esperamos, a hs 20, en el Sal\u00f3n de Actos de Escuela Normal.<\/p>\n<p>Equipo IES Lola Mora<\/p>\n<p><img decoding=\"async\" loading=\"lazy\" class=\"alignnone wp-image-1101\" src=\"https:\/\/ieslolamora-tuc.infd.edu.ar\/sitio\/wp-content\/uploads\/2019\/11\/campus-france-1000x1000.jpg\" alt=\"\" width=\"506\" height=\"506\" srcset=\"https:\/\/ieslolamora-tuc.infd.edu.ar\/sitio\/wp-content\/uploads\/2019\/11\/campus-france-1000x1000.jpg 1000w, https:\/\/ieslolamora-tuc.infd.edu.ar\/sitio\/wp-content\/uploads\/2019\/11\/campus-france-500x500.jpg 500w, https:\/\/ieslolamora-tuc.infd.edu.ar\/sitio\/wp-content\/uploads\/2019\/11\/campus-france-768x768.jpg 768w, https:\/\/ieslolamora-tuc.infd.edu.ar\/sitio\/wp-content\/uploads\/2019\/11\/campus-france.jpg 1280w\" sizes=\"(max-width: 506px) 100vw, 506px\" \/><\/p>\n","protected":false},"excerpt":{"rendered":"<p>El jueves 28 de Noviembre, en el marco del D\u00eda Internacional del Profesor de Franc\u00e9s, nos visitar\u00e1 el equipo de Campus France para presentar el Programa de Becas para estudiantes y docentes, voluntariados en Francia, entre otras acciones. Los esperamos, a hs 20, en el Sal\u00f3n de Actos de Escuela Normal. Equipo IES Lola Mora<\/p>\n","protected":false},"author":26,"featured_media":0,"comment_status":"open","ping_status":"open","sticky":false,"template":"","format":"standard","meta":[],"categories":[1],"tags":[],"acf":[],"_links":{"self":[{"href":"https:\/\/ieslolamora-tuc.infd.edu.ar\/sitio\/wp-json\/wp\/v2\/posts\/1105"}],"collection":[{"href":"https:\/\/ieslolamora-tuc.infd.edu.ar\/sitio\/wp-json\/wp\/v2\/posts"}],"about":[{"href":"https:\/\/ieslolamora-tuc.infd.edu.ar\/sitio\/wp-json\/wp\/v2\/types\/post"}],"author":[{"embeddable":true,"href":"https:\/\/ieslolamora-tuc.infd.edu.ar\/sitio\/wp-json\/wp\/v2\/users\/26"}],"replies":[{"embeddable":true,"href":"https:\/\/ieslolamora-tuc.infd.edu.ar\/sitio\/wp-json\/wp\/v2\/comments?post=1105"}],"version-history":[{"count":7,"href":"https:\/\/ieslolamora-tuc.infd.edu.ar\/sitio\/wp-json\/wp\/v2\/posts\/1105\/revisions"}],"predecessor-version":[{"id":1113,"href":"https:\/\/ieslolamora-tuc.infd.edu.ar\/sitio\/wp-json\/wp\/v2\/posts\/1105\/revisions\/1113"}],"wp:attachment":[{"href":"https:\/\/ieslolamora-tuc.infd.edu.ar\/sitio\/wp-json\/wp\/v2\/media?parent=1105"}],"wp:term":[{"taxonomy":"category","embeddable":true,"href":"https:\/\/ieslolamora-tuc.infd.edu.ar\/sitio\/wp-json\/wp\/v2\/categories?post=1105"},{"taxonomy":"post_tag","embeddable":true,"href":"https:\/\/ieslolamora-tuc.infd.edu.ar\/sitio\/wp-json\/wp\/v2\/tags?post=1105"}],"curies":[{"name":"wp","href":"https:\/\/api.w.org\/{rel}","templated":true}]}}