{"id":1158,"date":"2019-12-03T01:03:30","date_gmt":"2019-12-03T04:03:30","guid":{"rendered":"https:\/\/ieslolamora-tuc.infd.edu.ar\/sitio\/?p=1158"},"modified":"2019-12-03T12:17:24","modified_gmt":"2019-12-03T15:17:24","slug":"distincion-otorgada-a-la-prof-rosa-werner","status":"publish","type":"post","link":"https:\/\/ieslolamora-tuc.infd.edu.ar\/sitio\/distincion-otorgada-a-la-prof-rosa-werner\/","title":{"rendered":"DISTINCI\u00d3N OTORGADA A LA PROF. ROSA WERNER"},"content":{"rendered":"<p>La Comunidad Educativa del IES Lola Mora, felicita a nuestra colega Rosa Werner, Profesora de Franc\u00e9s,\u00a0 por la valiosa distinci\u00f3n de las Palmas Acad\u00e9micas, por su trayectoria. Este premio es otorgado por el Gobierno de Francia.<\/p>\n<p>Felicitaciones y muchos \u00e9xitos!<\/p>\n<p><img decoding=\"async\" loading=\"lazy\" class=\"alignnone wp-image-1159\" src=\"https:\/\/ieslolamora-tuc.infd.edu.ar\/sitio\/wp-content\/uploads\/2019\/12\/Prof-Rosa-Werner2-750x1000.jpg\" alt=\"\" width=\"468\" height=\"623\" srcset=\"https:\/\/ieslolamora-tuc.infd.edu.ar\/sitio\/wp-content\/uploads\/2019\/12\/Prof-Rosa-Werner2-750x1000.jpg 750w, https:\/\/ieslolamora-tuc.infd.edu.ar\/sitio\/wp-content\/uploads\/2019\/12\/Prof-Rosa-Werner2-768x1024.jpg 768w, https:\/\/ieslolamora-tuc.infd.edu.ar\/sitio\/wp-content\/uploads\/2019\/12\/Prof-Rosa-Werner2.jpg 774w\" sizes=\"(max-width: 468px) 100vw, 468px\" \/> <img decoding=\"async\" loading=\"lazy\" class=\"alignnone wp-image-1160\" src=\"https:\/\/ieslolamora-tuc.infd.edu.ar\/sitio\/wp-content\/uploads\/2019\/12\/Prof-Rosa-Werner1-684x1000.jpg\" alt=\"\" width=\"468\" height=\"684\" srcset=\"https:\/\/ieslolamora-tuc.infd.edu.ar\/sitio\/wp-content\/uploads\/2019\/12\/Prof-Rosa-Werner1-684x1000.jpg 684w, https:\/\/ieslolamora-tuc.infd.edu.ar\/sitio\/wp-content\/uploads\/2019\/12\/Prof-Rosa-Werner1.jpg 700w\" sizes=\"(max-width: 468px) 100vw, 468px\" \/><\/p>\n<p>Felicitaciones tambi\u00e9n a los colegas del pa\u00eds, y a la Dra. Cecilia Veleda, Directora del INFOD, Instituto Nacional de Formaci\u00f3n Docente.<\/p>\n","protected":false},"excerpt":{"rendered":"<p>La Comunidad Educativa del IES Lola Mora, felicita a nuestra colega Rosa Werner, Profesora de Franc\u00e9s,\u00a0 por la valiosa distinci\u00f3n de las Palmas Acad\u00e9micas, por su trayectoria. Este premio es otorgado por el Gobierno de Francia. Felicitaciones y muchos \u00e9xitos! Felicitaciones tambi\u00e9n a los colegas del pa\u00eds, y a la Dra. Cecilia Veleda, Directora del &#8230; <a title=\"DISTINCI\u00d3N OTORGADA A LA PROF. ROSA WERNER\" class=\"read-more\" href=\"https:\/\/ieslolamora-tuc.infd.edu.ar\/sitio\/distincion-otorgada-a-la-prof-rosa-werner\/\" aria-label=\"More on DISTINCI\u00d3N OTORGADA A LA PROF. ROSA WERNER\">[+]<\/a><\/p>\n","protected":false},"author":26,"featured_media":0,"comment_status":"open","ping_status":"open","sticky":false,"template":"","format":"standard","meta":[],"categories":[17],"tags":[],"acf":[],"_links":{"self":[{"href":"https:\/\/ieslolamora-tuc.infd.edu.ar\/sitio\/wp-json\/wp\/v2\/posts\/1158"}],"collection":[{"href":"https:\/\/ieslolamora-tuc.infd.edu.ar\/sitio\/wp-json\/wp\/v2\/posts"}],"about":[{"href":"https:\/\/ieslolamora-tuc.infd.edu.ar\/sitio\/wp-json\/wp\/v2\/types\/post"}],"author":[{"embeddable":true,"href":"https:\/\/ieslolamora-tuc.infd.edu.ar\/sitio\/wp-json\/wp\/v2\/users\/26"}],"replies":[{"embeddable":true,"href":"https:\/\/ieslolamora-tuc.infd.edu.ar\/sitio\/wp-json\/wp\/v2\/comments?post=1158"}],"version-history":[{"count":8,"href":"https:\/\/ieslolamora-tuc.infd.edu.ar\/sitio\/wp-json\/wp\/v2\/posts\/1158\/revisions"}],"predecessor-version":[{"id":1168,"href":"https:\/\/ieslolamora-tuc.infd.edu.ar\/sitio\/wp-json\/wp\/v2\/posts\/1158\/revisions\/1168"}],"wp:attachment":[{"href":"https:\/\/ieslolamora-tuc.infd.edu.ar\/sitio\/wp-json\/wp\/v2\/media?parent=1158"}],"wp:term":[{"taxonomy":"category","embeddable":true,"href":"https:\/\/ieslolamora-tuc.infd.edu.ar\/sitio\/wp-json\/wp\/v2\/categories?post=1158"},{"taxonomy":"post_tag","embeddable":true,"href":"https:\/\/ieslolamora-tuc.infd.edu.ar\/sitio\/wp-json\/wp\/v2\/tags?post=1158"}],"curies":[{"name":"wp","href":"https:\/\/api.w.org\/{rel}","templated":true}]}}