{"id":1238,"date":"2025-12-01T00:00:32","date_gmt":"2025-12-01T03:00:32","guid":{"rendered":"https:\/\/ieslolamora-tuc.infd.edu.ar\/sitio\/?p=1238"},"modified":"2025-12-01T16:48:09","modified_gmt":"2025-12-01T19:48:09","slug":"proyectos-institucionales","status":"publish","type":"post","link":"https:\/\/ieslolamora-tuc.infd.edu.ar\/sitio\/proyectos-institucionales\/","title":{"rendered":"Proyectos  Institucionales"},"content":{"rendered":"\n<ul>\n<li>Proyectos destacados y ganadores en Ferias de Ciencias Provinciales y Nacionales <strong>Feria Nacional de Educaci\u00f3n, Ciencias, Arte y Tecnolog\u00eda 2025<\/strong><\/li>\n\n\n\n<li><a href=\"https:\/\/ferias.educacion.gob.ar\/trabajos\/parte?school_level_id_filter=4&amp;fair_id_filter=3&amp;jurisdiction_id_filter=24&amp;grading_modality_id_filter=&amp;project_type_id_filter=&amp;keywords=\">https:\/\/ferias.educacion.gob.ar\/trabajos\/parte?school_level_id_filter=4&amp;fair_id_filter=3&amp;jurisdiction_id_filter=24&amp;grading_modality_id_filter=&amp;project_type_id_filter=&amp;keywords=<\/a><\/li>\n\n\n\n<li><strong>Soir\u00e9e Francesa<\/strong><\/li>\n\n\n\n<li>Este Proyecto es llevado a cabo a partir de la creaci\u00f3n del IES Lola Mora en el a\u00f1o 1988, por el Departamento de Franc\u00e9s. Participan estudiantes de 1ero a 4to a\u00f1o de la Carrera y docentes, Coordinadora de Carrera y equipo de conducci\u00f3n &nbsp;<\/li>\n<\/ul>\n\n\n\n<figure class=\"wp-block-embed is-type-wp-embed is-provider-ministerio-de-educacion-direccion-de-educacion-superior-no-universitaria wp-block-embed-ministerio-de-educacion-direccion-de-educacion-superior-no-universitaria\"><div class=\"wp-block-embed__wrapper\">\n<blockquote class=\"wp-embedded-content\" data-secret=\"DUlf0j99Wg\"><a href=\"https:\/\/des-tuc.infd.edu.ar\/sitio\/ies-lola-mora-gran-noche-de-gala-con-la-soiree-francaise\/\">IES Lola Mora: Gran Noche de Gala con la Soir\u00e9e Fran\u00e7aise<\/a><\/blockquote><iframe class=\"wp-embedded-content\" sandbox=\"allow-scripts\" security=\"restricted\" style=\"position: absolute; clip: rect(1px, 1px, 1px, 1px);\" title=\"\u00abIES Lola Mora: Gran Noche de Gala con la Soir\u00e9e Fran\u00e7aise\u00bb \u2014 Ministerio de Educaci\u00f3n - Direcci\u00f3n de Educaci\u00f3n Superior No Universitaria\" src=\"https:\/\/des-tuc.infd.edu.ar\/sitio\/ies-lola-mora-gran-noche-de-gala-con-la-soiree-francaise\/embed\/#?secret=U1ghQyP65n#?secret=DUlf0j99Wg\" data-secret=\"DUlf0j99Wg\" width=\"600\" height=\"338\" frameborder=\"0\" marginwidth=\"0\" marginheight=\"0\" scrolling=\"no\"><\/iframe>\n<\/div><\/figure>\n\n\n\n<ul>\n<li>Proyectos de articulaci\u00f3n <\/li>\n\n\n\n<li><strong>Taller Educaci\u00f3n Financiera<\/strong><\/li>\n\n\n\n<li><a href=\"https:\/\/www.instagram.com\/reel\/DPfFZukjQla\/?igsh=ZjZjNGR2MHNkenR3\" data-type=\"URL\" data-id=\"https:\/\/www.instagram.com\/reel\/DPfFZukjQla\/?igsh=ZjZjNGR2MHNkenR3\">https:\/\/www.instagram.com\/reel\/DPfFZukjQla\/?igsh=ZjZjNGR2MHNkenR3<\/a><\/li>\n\n\n\n<li><a href=\"https:\/\/www.cgcetucuman.org.ar\/desafio-joven-2025-acercar-a-los-jovenes-a-la-profesion\/\" data-type=\"URL\" data-id=\"https:\/\/www.cgcetucuman.org.ar\/desafio-joven-2025-acercar-a-los-jovenes-a-la-profesion\/\">https:\/\/www.cgcetucuman.org.ar\/desafio-joven-2025-acercar-a-los-jovenes-a-la-profesion\/<\/a><\/li>\n\n\n\n<li><a href=\"https:\/\/www.instagram.com\/reel\/DPl6-6Vkc-S\/?igsh=b2I5ajh1MWZ0MXg3\" data-type=\"URL\" data-id=\"https:\/\/www.instagram.com\/reel\/DPl6-6Vkc-S\/?igsh=b2I5ajh1MWZ0MXg3\">https:\/\/www.instagram.com\/reel\/DPl6-6Vkc-S\/?igsh=b2I5ajh1MWZ0MXg3<\/a><\/li>\n\n\n\n<li><strong>Programa de Tutor\u00edas<\/strong><\/li>\n\n\n\n<li><a href=\"https:\/\/www.instagram.com\/tutorias.ieslm?igsh=MWR2MDI4aXZvdzcwaQ==\" data-type=\"URL\" data-id=\"https:\/\/www.instagram.com\/tutorias.ieslm?igsh=MWR2MDI4aXZvdzcwaQ==\">https:\/\/www.instagram.com\/tutorias.ieslm?igsh=MWR2MDI4aXZvdzcwaQ==<\/a> <\/li>\n\n\n\n<li>Publicaciones de Carrera <\/li>\n\n\n\n<li>Profesorado de Frances   <\/li>\n\n\n\n<li><a rel=\"noreferrer noopener\" href=\"https:\/\/www.instagram.com\/francesieslolamora?igsh=ZnJxM3RwZHdvdzZw\" target=\"_blank\">https:\/\/www.instagram.com\/francesieslolamora?igsh=ZnJxM3RwZHdvdzZw<\/a><\/li>\n\n\n\n<li>Profesorado de Ingles <\/li>\n\n\n\n<li><a href=\"https:\/\/www.instagram.com\/practica4.ingleslm?igsh=MTM2cDEzczBybnhjMw==\">https:\/\/www.instagram.com\/practica4.ingleslm?igsh=MTM2cDEzczBybnhjMw==<\/a><\/li>\n<\/ul>\n","protected":false},"excerpt":{"rendered":"","protected":false},"author":2113,"featured_media":1812,"comment_status":"open","ping_status":"open","sticky":false,"template":"","format":"standard","meta":[],"categories":[1],"tags":[25],"acf":[],"_links":{"self":[{"href":"https:\/\/ieslolamora-tuc.infd.edu.ar\/sitio\/wp-json\/wp\/v2\/posts\/1238"}],"collection":[{"href":"https:\/\/ieslolamora-tuc.infd.edu.ar\/sitio\/wp-json\/wp\/v2\/posts"}],"about":[{"href":"https:\/\/ieslolamora-tuc.infd.edu.ar\/sitio\/wp-json\/wp\/v2\/types\/post"}],"author":[{"embeddable":true,"href":"https:\/\/ieslolamora-tuc.infd.edu.ar\/sitio\/wp-json\/wp\/v2\/users\/2113"}],"replies":[{"embeddable":true,"href":"https:\/\/ieslolamora-tuc.infd.edu.ar\/sitio\/wp-json\/wp\/v2\/comments?post=1238"}],"version-history":[{"count":7,"href":"https:\/\/ieslolamora-tuc.infd.edu.ar\/sitio\/wp-json\/wp\/v2\/posts\/1238\/revisions"}],"predecessor-version":[{"id":1814,"href":"https:\/\/ieslolamora-tuc.infd.edu.ar\/sitio\/wp-json\/wp\/v2\/posts\/1238\/revisions\/1814"}],"wp:featuredmedia":[{"embeddable":true,"href":"https:\/\/ieslolamora-tuc.infd.edu.ar\/sitio\/wp-json\/wp\/v2\/media\/1812"}],"wp:attachment":[{"href":"https:\/\/ieslolamora-tuc.infd.edu.ar\/sitio\/wp-json\/wp\/v2\/media?parent=1238"}],"wp:term":[{"taxonomy":"category","embeddable":true,"href":"https:\/\/ieslolamora-tuc.infd.edu.ar\/sitio\/wp-json\/wp\/v2\/categories?post=1238"},{"taxonomy":"post_tag","embeddable":true,"href":"https:\/\/ieslolamora-tuc.infd.edu.ar\/sitio\/wp-json\/wp\/v2\/tags?post=1238"}],"curies":[{"name":"wp","href":"https:\/\/api.w.org\/{rel}","templated":true}]}}